{"items":[{"id":"13650","pubtime":"1 mes 10 dias..","author":{"name":"FCT (SC)","url":"perfil2\/index\/4183","image":"https:\/\/tenis-integrado-prod.s3.amazonaws.com\/sync-prod\/\/id4183\/fotos\/avatar.jpg"},"title":"Torneios de Beach Tennis em abril de 2026","text":"<p>As areias de SC v\u00e3o esquentar no pr\u00f3ximo m\u00eas. Ao todo, ser\u00e3o cinco torneios de Beach Tennis espalhados em diferentes cidades. Todos chancelados pela FCT. As inscri\u00e7\u00f5es podem ser feitas no T\u00eanis Integrado. Confira cada etapa&#8230;<\/p>","link":"posts\/detalhe\/13650","images":["https:\/\/tenis-integrado-prod.s3.amazonaws.com\/sync-prod\/\/id4183\/galerias\/thumb_id13650_260320114909824607.jpg"]},{"id":"13778","pubtime":"1 mes 15 dias..","author":{"name":"FRT","url":"perfil2\/index\/6828","image":"https:\/\/tenis-integrado-prod.s3.amazonaws.com\/sync-prod\/\/id6828\/fotos\/avatar.jpg"},"title":"Prepare-se para o GWM Open de Beach Tennis em Cacoal","text":"<p>O GWM Mega Motors Open 1500 de Beach Tennis j\u00e1 tem data marcada e promete reunir atletas de todo o estado em uma semana de grandes jogos, alto n\u00edvel t\u00e9cnico e muita emo\u00e7\u00e3o nas areias do Cacoal T\u00eanis Clube. 30 de mar\u00e7o a&#8230;<\/p>","link":"posts\/detalhe\/13778","images":["https:\/\/tenis-integrado-prod.s3.amazonaws.com\/sync-prod\/\/id6828\/galerias\/thumb_id13778_260414120654268494.jpg","https:\/\/tenis-integrado-prod.s3.amazonaws.com\/sync-prod\/\/id6828\/galerias\/thumb_id13778_260414120655569803.jpg"]},{"id":"13612","pubtime":"1 mes 19 dias..","author":{"name":"FCT (SC)","url":"perfil2\/index\/4183","image":"https:\/\/tenis-integrado-prod.s3.amazonaws.com\/sync-prod\/\/id4183\/fotos\/avatar.jpg"},"title":"INSCRI\u00c7\u00d5ES ABERTAS \u2013 FCT BT100 - ARENA GUTO ","text":"<p>Est\u00e3o abertas as inscri\u00e7\u00f5es para o torneio FCT BT100 - ARENA GUTO! 11 e 12 de abril de 2026 Arena Guto Beach TennisS\u00e3o Jos\u00e9 \u2013 SC INSCRI\u00c7\u00d5ES: at\u00e9 01\/04\/2026 (18 horas)CANCELAMENTOS: at\u00e9 02\/04\/2025 Garanta sua vaga em: Chancela:&#8230;<\/p>","link":"posts\/detalhe\/13612","images":["https:\/\/tenis-integrado-prod.s3.amazonaws.com\/sync-prod\/\/id4183\/galerias\/thumb_id13612_260311142301772329.jpg"]},{"id":"13781","pubtime":"1 mes 20 dias..","author":{"name":"FRT","url":"perfil2\/index\/6828","image":"https:\/\/tenis-integrado-prod.s3.amazonaws.com\/sync-prod\/\/id6828\/fotos\/avatar.jpg"},"title":"MAIS UM TORNEIO, AGORA SER\u00c1 O OPEN ARENA PVH, PREPARE-SE!","text":"<p>De 16 a 21 de abril ser\u00e1 realizado o Open Arena PVHParticipe e fa\u00e7a sua inscri\u00e7\u00e3o!!Este n\u00e3o \u00e9 apenas um torneio; \u00e9 a celebra\u00e7\u00e3o da nossa comunidade, a prova da sua evolu\u00e7\u00e3o e o desafio que voc\u00ea esperava.Seja voc\u00ea um atleta&#8230;<\/p>","link":"posts\/detalhe\/13781","images":["https:\/\/tenis-integrado-prod.s3.amazonaws.com\/sync-prod\/\/id6828\/galerias\/thumb_id13781_260414122420402614.jpeg","https:\/\/tenis-integrado-prod.s3.amazonaws.com\/sync-prod\/\/id6828\/galerias\/thumb_id13781_260414122421719292.jpeg"]},{"id":"13591","pubtime":"1 mes 24 dias..","author":{"name":"FCT (SC)","url":"perfil2\/index\/4183","image":"https:\/\/tenis-integrado-prod.s3.amazonaws.com\/sync-prod\/\/id4183\/fotos\/avatar.jpg"},"title":"INSCRI\u00c7\u00d5ES ABERTAS \u2013 CIRCUITO CATARINENSE AUDI BREITKOPF DE T\u00caNIS by ENGIE \u2013 2026 INFANTO JUVENIL - 2\u00aa ETAPA","text":"<p>Abertas as inscri\u00e7\u00f5es para a CIRCUITO CATARINENSE AUDI BREITKOPF DE T\u00caNIS by ENGIE \u2013 2026 INFANTO JUVENIL - 2\u00aa ETAPA, que ocorrer\u00e1 entre os dias 17 a 19 de abril, em Blumenau e Gaspar\/SC. Tabajara T\u00eanis Clube (TTC) e Bela&#8230;<\/p>","link":"posts\/detalhe\/13591","images":["https:\/\/tenis-integrado-prod.s3.amazonaws.com\/sync-prod\/\/id4183\/galerias\/thumb_id13591_260306170009342211.png"]},{"id":"13579","pubtime":"1 mes 27 dias..","author":{"name":"FCT (SC)","url":"perfil2\/index\/4183","image":"https:\/\/tenis-integrado-prod.s3.amazonaws.com\/sync-prod\/\/id4183\/fotos\/avatar.jpg"},"title":"INSCRI\u00c7\u00d5ES ABERTAS PARA O 2\u00ba REGIONAL DE T\u00caNIS 2026","text":"<p>Est\u00e3o abertas as Inscri\u00e7\u00f5es para o 2\u00ba Regional de T\u00eanis 2026 que ocorrer\u00e1 entre os dias 09 a 12 de abril de 2026. INSCRI\u00c7\u00d5ES \u2013 At\u00e9 o dia 30\/03\/2026 \u00e0s 18:00 CANCELAMENTOS - At\u00e9 o dia 31\/03\/2026 Obs: Os tenistas deveram optar&#8230;<\/p>","link":"posts\/detalhe\/13579","images":["https:\/\/tenis-integrado-prod.s3.amazonaws.com\/sync-prod\/\/id4183\/galerias\/thumb_id13579_260303165906478694.jpg"]},{"id":"13540","pubtime":"2 meses 5 dias..","author":{"name":"FPT (SP)","url":"perfil2\/index\/6834","image":"https:\/\/tenis-integrado-prod.s3.amazonaws.com\/sync-prod\/\/id6834\/fotos\/avatar.jpg"},"title":"Nippon abre temporada 2026 do Circuito Damas","text":"<p>S\u00e3o Paulo (SP) \u2013 A temporada 2026 do Circuito Damas teve in\u00edcio na \u00faltima sexta-feira (20) com a etapa realizada no\u00a0Nippon Country Club, reunindo cerca de 80 tenistas em um come\u00e7o bastante animador para o circuito.Nosso&#8230;<\/p>","link":"posts\/detalhe\/13540","images":["https:\/\/tenis-integrado-prod.s3.amazonaws.com\/sync-prod\/\/id6834\/galerias\/thumb_id13540_260223155703273259.jpeg"]},{"id":"13526","pubtime":"2 meses 8 dias..","author":{"name":"FPT (SP)","url":"perfil2\/index\/6834","image":"https:\/\/tenis-integrado-prod.s3.amazonaws.com\/sync-prod\/\/id6834\/fotos\/avatar.jpg"},"title":"FPT realiza 6\u00aa edi\u00e7\u00e3o do T\u00eanis Paulista Conecta nesta quarta (25)","text":"<p>A Federa\u00e7\u00e3o Paulista de T\u00eanis, por meio do Programa T\u00eanis Excel\u00eancia para Treinadores Paulistas, promove no pr\u00f3ximo dia 25 de fevereiro, das 20h30 \u00e0s 22h, a sexta edi\u00e7\u00e3o do T\u00eanis Paulista Conecta.\u00a0O encontro ser\u00e1 realizado&#8230;<\/p>","link":"posts\/detalhe\/13526","images":["https:\/\/tenis-integrado-prod.s3.amazonaws.com\/sync-prod\/\/id6834\/galerias\/thumb_id13526_260220152638574873.jpg"]},{"id":"13524","pubtime":"2 meses 9 dias..","author":{"name":"FPT (SP)","url":"perfil2\/index\/6834","image":"https:\/\/tenis-integrado-prod.s3.amazonaws.com\/sync-prod\/\/id6834\/fotos\/avatar.jpg"},"title":"FPT divulga crit\u00e9rios de convoca\u00e7\u00e3o para a Copa das Federa\u00e7\u00f5es 2026","text":"<p>S\u00e3o Paulo (SP) - A Federa\u00e7\u00e3o Paulista de T\u00eanis (FPT) divulgou os crit\u00e9rios oficiais de convoca\u00e7\u00e3o das equipes que ir\u00e3o representar S\u00e3o Paulo na Copa das Federa\u00e7\u00f5es 2026, nas categorias Infantojuvenis 12, 14, 16 e 18 anos,&#8230;<\/p>","link":"posts\/detalhe\/13524","images":["https:\/\/tenis-integrado-prod.s3.amazonaws.com\/sync-prod\/\/id6834\/galerias\/thumb_id13524_260219191304511791.png"]},{"id":"13515","pubtime":"2 meses 15 dias..","author":{"name":"FPT (SP)","url":"perfil2\/index\/6834","image":"https:\/\/tenis-integrado-prod.s3.amazonaws.com\/sync-prod\/\/id6834\/fotos\/avatar.jpg"},"title":"Feriado de Carnaval","text":"<p>A Federa\u00e7\u00e3o Paulista de T\u00eanis informa que, devido ao feriado de Carnaval, n\u00e3o ter\u00e1 expediente nos dias 16 e 17 de fevereiro, retornando \u00e0s atividades no dia 18 de fevereiro, \u00e0s 12h.Tenham todos um excelente feriado!\n<\/p>","link":"posts\/detalhe\/13515","images":["https:\/\/tenis-integrado-prod.s3.amazonaws.com\/sync-prod\/\/id6834\/galerias\/thumb_id13515_26021318353599921.jpg"]}],"page":"1"}